{"id":7023233,"date":"2026-04-29T09:36:19","date_gmt":"2026-04-29T07:36:19","guid":{"rendered":"https:\/\/www.homyspace.com\/blog\/?p=7023233"},"modified":"2026-04-29T09:36:19","modified_gmt":"2026-04-29T07:36:19","slug":"alquiler-turistico-vs-temporal-en-vitoria","status":"publish","type":"post","link":"https:\/\/www.homyspace.com\/blog\/alquiler-turistico-vs-temporal-en-vitoria\/","title":{"rendered":"Alquiler tur\u00edstico vs temporal en Vitoria: qu\u00e9 modelo te conviene en 2026"},"content":{"rendered":"[vc_row type=\u00bbin_container\u00bb full_screen_row_position=\u00bbmiddle\u00bb column_margin=\u00bbdefault\u00bb column_direction=\u00bbdefault\u00bb column_direction_tablet=\u00bbdefault\u00bb column_direction_phone=\u00bbdefault\u00bb scene_position=\u00bbcenter\u00bb text_color=\u00bbdark\u00bb text_align=\u00bbleft\u00bb row_border_radius=\u00bbnone\u00bb row_border_radius_applies=\u00bbbg\u00bb overflow=\u00bbvisible\u00bb overlay_strength=\u00bb0.3&#8243; gradient_direction=\u00bbleft_to_right\u00bb shape_divider_position=\u00bbbottom\u00bb bg_image_animation=\u00bbnone\u00bb][vc_column column_padding=\u00bbno-extra-padding\u00bb column_padding_tablet=\u00bbinherit\u00bb column_padding_phone=\u00bbinherit\u00bb column_padding_position=\u00bball\u00bb column_element_direction_desktop=\u00bbdefault\u00bb column_element_spacing=\u00bbdefault\u00bb desktop_text_alignment=\u00bbdefault\u00bb tablet_text_alignment=\u00bbdefault\u00bb phone_text_alignment=\u00bbdefault\u00bb background_color_opacity=\u00bb1&#8243; background_hover_color_opacity=\u00bb1&#8243; column_backdrop_filter=\u00bbnone\u00bb column_shadow=\u00bbnone\u00bb column_border_radius=\u00bbnone\u00bb column_link_target=\u00bb_self\u00bb column_position=\u00bbdefault\u00bb gradient_direction=\u00bbleft_to_right\u00bb overlay_strength=\u00bb0.3&#8243; width=\u00bb1\/1&#8243; tablet_width_inherit=\u00bbdefault\u00bb animation_type=\u00bbdefault\u00bb bg_image_animation=\u00bbnone\u00bb border_type=\u00bbsimple\u00bb column_border_width=\u00bbnone\u00bb column_border_style=\u00bbsolid\u00bb][vc_column_text css=\u00bb\u00bb text_direction=\u00bbdefault\u00bb]\n<p style=\"text-align: justify;\">La comparaci\u00f3n entre <strong>alquiler tur\u00edstico vs temporal en Vitoria<\/strong> ha cambiado de forma sustancial en los \u00faltimos meses. Vitoria-Gasteiz entr\u00f3 en la lista oficial de zonas tensionadas en octubre de 2025, el anteproyecto de Ley de Turismo de Euskadi plantea prohibir nuevas viviendas de uso tur\u00edstico (VUT) en esas zonas, y al mismo tiempo el arranque del nuevo VLE en la planta de Mercedes-Benz est\u00e1 disparando la demanda corporativa de alojamiento en la ciudad.<\/p>\n<p style=\"text-align: justify;\">Si tienes un piso en la capital alavesa, la decisi\u00f3n entre uno u otro modelo ya no es una cuesti\u00f3n de preferencia: es un c\u00e1lculo de riesgo normativo y de oportunidad econ\u00f3mica real.<\/p>\n[\/vc_column_text][\/vc_column][\/vc_row]\n[vc_row type=\u00bbin_container\u00bb full_screen_row_position=\u00bbmiddle\u00bb column_margin=\u00bbdefault\u00bb column_direction=\u00bbdefault\u00bb column_direction_tablet=\u00bbdefault\u00bb column_direction_phone=\u00bbdefault\u00bb scene_position=\u00bbcenter\u00bb text_color=\u00bbdark\u00bb text_align=\u00bbleft\u00bb row_border_radius=\u00bbnone\u00bb row_border_radius_applies=\u00bbbg\u00bb overflow=\u00bbvisible\u00bb overlay_strength=\u00bb0.3&#8243; gradient_direction=\u00bbleft_to_right\u00bb shape_divider_position=\u00bbbottom\u00bb bg_image_animation=\u00bbnone\u00bb][vc_column column_padding=\u00bbno-extra-padding\u00bb column_padding_tablet=\u00bbinherit\u00bb column_padding_phone=\u00bbinherit\u00bb column_padding_position=\u00bball\u00bb column_element_direction_desktop=\u00bbdefault\u00bb column_element_spacing=\u00bbdefault\u00bb desktop_text_alignment=\u00bbdefault\u00bb tablet_text_alignment=\u00bbdefault\u00bb phone_text_alignment=\u00bbdefault\u00bb background_color=\u00bb#f7f7f7&#8243; background_color_opacity=\u00bb1&#8243; background_color_hover=\u00bb#2c9a9e\u00bb background_hover_color_opacity=\u00bb0.5&#8243; column_backdrop_filter=\u00bbnone\u00bb column_shadow=\u00bbnone\u00bb column_border_radius=\u00bbnone\u00bb column_link_target=\u00bb_self\u00bb column_position=\u00bbdefault\u00bb gradient_direction=\u00bbleft_to_right\u00bb overlay_strength=\u00bb0.3&#8243; width=\u00bb1\/1&#8243; tablet_width_inherit=\u00bbdefault\u00bb animation_type=\u00bbdefault\u00bb enable_animation=\u00bbtrue\u00bb animation=\u00bbfade-in-from-bottom\u00bb animation_easing=\u00bbdefault\u00bb bg_image_animation=\u00bbnone\u00bb border_type=\u00bbsimple\u00bb column_border_width=\u00bbnone\u00bb column_border_style=\u00bbsolid\u00bb column_padding_type=\u00bbdefault\u00bb gradient_type=\u00bbdefault\u00bb][vc_row_inner equal_height=\u00bbyes\u00bb content_placement=\u00bbmiddle\u00bb column_margin=\u00bbdefault\u00bb column_direction=\u00bbdefault\u00bb column_direction_tablet=\u00bbdefault\u00bb column_direction_phone=\u00bbdefault\u00bb text_align=\u00bbleft\u00bb row_position=\u00bbdefault\u00bb row_position_tablet=\u00bbinherit\u00bb row_position_phone=\u00bbinherit\u00bb overflow=\u00bbvisible\u00bb pointer_events=\u00bball\u00bb][vc_column_inner column_padding=\u00bbno-extra-padding\u00bb column_padding_tablet=\u00bbinherit\u00bb column_padding_phone=\u00bbinherit\u00bb column_padding_position=\u00bball\u00bb column_element_direction_desktop=\u00bbdefault\u00bb column_element_spacing=\u00bb5px\u00bb desktop_text_alignment=\u00bbleft\u00bb tablet_text_alignment=\u00bbdefault\u00bb phone_text_alignment=\u00bbdefault\u00bb background_color_opacity=\u00bb1&#8243; background_hover_color_opacity=\u00bb0.5&#8243; column_backdrop_filter=\u00bbnone\u00bb column_shadow=\u00bbnone\u00bb column_border_radius=\u00bbnone\u00bb column_link_target=\u00bb_self\u00bb overflow=\u00bbvisible\u00bb gradient_direction=\u00bbleft_to_right\u00bb overlay_strength=\u00bb0.3&#8243; width=\u00bb2\/3&#8243; tablet_width_inherit=\u00bbdefault\u00bb animation_type=\u00bbdefault\u00bb bg_image_animation=\u00bbnone\u00bb border_type=\u00bbsimple\u00bb column_border_width=\u00bbnone\u00bb column_border_style=\u00bbsolid\u00bb column_padding_type=\u00bbdefault\u00bb gradient_type=\u00bbdefault\u00bb][vc_column_text css=\u00bb.vc_custom_1735654200001{padding-top: 5% !important;padding-bottom: 5% !important;}\u00bb text_direction=\u00bbdefault\u00bb]\n<blockquote>\n<h3>\u00bfDudas sobre c\u00f3mo te afecta la nueva normativa en Vitoria?<\/h3>\n<p>Vitoria es zona tensionada y la Ley de Turismo cambia el marco. Te explicamos c\u00f3mo afecta a tu piso.<\/p><\/blockquote>\n[\/vc_column_text][\/vc_column_inner][vc_column_inner column_padding=\u00bbno-extra-padding\u00bb column_padding_tablet=\u00bbinherit\u00bb column_padding_phone=\u00bbinherit\u00bb column_padding_position=\u00bball\u00bb column_element_direction_desktop=\u00bbdefault\u00bb column_element_spacing=\u00bbdefault\u00bb desktop_text_alignment=\u00bbdefault\u00bb tablet_text_alignment=\u00bbdefault\u00bb phone_text_alignment=\u00bbdefault\u00bb background_color_opacity=\u00bb1&#8243; background_hover_color_opacity=\u00bb1&#8243; column_backdrop_filter=\u00bbnone\u00bb column_shadow=\u00bbnone\u00bb column_border_radius=\u00bbnone\u00bb column_link_target=\u00bb_self\u00bb overflow=\u00bbvisible\u00bb gradient_direction=\u00bbleft_to_right\u00bb overlay_strength=\u00bb0.3&#8243; width=\u00bb1\/3&#8243; tablet_width_inherit=\u00bbdefault\u00bb animation_type=\u00bbdefault\u00bb bg_image_animation=\u00bbnone\u00bb border_type=\u00bbsimple\u00bb column_border_width=\u00bbnone\u00bb column_border_style=\u00bbsolid\u00bb][nectar_btn size=\u00bbmedium\u00bb open_new_tab=\u00bbtrue\u00bb button_style=\u00bbsee-through-2&#8243; hover_text_color_override=\u00bb#ffffff\u00bb icon_family=\u00bbnone\u00bb text=\u00bbSolicitar asesoramiento \u2192\u00bb url=\u00bb\/asesoramiento-para-propietarios?utm_source=blog&amp;utm_medium=post&amp;utm_campaign=alquiler-turistico-vs-temporal-vitoria\u00bb css_animation=\u00bbbounce\u00bb][\/vc_column_inner][\/vc_row_inner][\/vc_column][\/vc_row]\n[vc_row type=\u00bbin_container\u00bb full_screen_row_position=\u00bbmiddle\u00bb column_margin=\u00bbdefault\u00bb column_direction=\u00bbdefault\u00bb column_direction_tablet=\u00bbdefault\u00bb column_direction_phone=\u00bbdefault\u00bb scene_position=\u00bbcenter\u00bb text_color=\u00bbdark\u00bb text_align=\u00bbleft\u00bb row_border_radius=\u00bbnone\u00bb row_border_radius_applies=\u00bbbg\u00bb overflow=\u00bbvisible\u00bb overlay_strength=\u00bb0.3&#8243; gradient_direction=\u00bbleft_to_right\u00bb shape_divider_position=\u00bbbottom\u00bb bg_image_animation=\u00bbnone\u00bb][vc_column column_padding=\u00bbno-extra-padding\u00bb column_padding_tablet=\u00bbinherit\u00bb column_padding_phone=\u00bbinherit\u00bb column_padding_position=\u00bball\u00bb column_element_direction_desktop=\u00bbdefault\u00bb column_element_spacing=\u00bbdefault\u00bb desktop_text_alignment=\u00bbdefault\u00bb tablet_text_alignment=\u00bbdefault\u00bb phone_text_alignment=\u00bbdefault\u00bb background_color_opacity=\u00bb1&#8243; background_hover_color_opacity=\u00bb1&#8243; column_backdrop_filter=\u00bbnone\u00bb column_shadow=\u00bbnone\u00bb column_border_radius=\u00bbnone\u00bb column_link_target=\u00bb_self\u00bb column_position=\u00bbdefault\u00bb gradient_direction=\u00bbleft_to_right\u00bb overlay_strength=\u00bb0.3&#8243; width=\u00bb1\/1&#8243; tablet_width_inherit=\u00bbdefault\u00bb animation_type=\u00bbdefault\u00bb bg_image_animation=\u00bbnone\u00bb border_type=\u00bbsimple\u00bb column_border_width=\u00bbnone\u00bb column_border_style=\u00bbsolid\u00bb][vc_column_text css=\u00bb\u00bb text_direction=\u00bbdefault\u00bb]\n<h2 style=\"text-align: justify;\">El marco legal del alquiler tur\u00edstico vs temporal en Vitoria en 2026<\/h2>\n<p style=\"text-align: justify;\">El marco auton\u00f3mico del alquiler tur\u00edstico en Vitoria est\u00e1 definido por el <strong>Decreto 101\/2018<\/strong>, modificado por el Decreto 52\/2025, dentro de la Ley 13\/2016 de Turismo de Euskadi. Sobre esa base se acumulan tres cambios que condicionan la decisi\u00f3n de cualquier propietario en 2026:<\/p>\n<ul style=\"text-align: justify;\">\n<li><strong>Declaraci\u00f3n de zona tensionada.<\/strong> Vitoria-Gasteiz figura oficialmente como zona de mercado residencial tensionado desde octubre de 2025, con una duraci\u00f3n inicial de tres a\u00f1os. Desde abril de 2026 ya est\u00e1 vigente en \u00c1lava el \u00edndice de precios de referencia que limita los contratos de alquiler de vivienda habitual. Puedes ver con detalle <a href=\"https:\/\/www.homyspace.com\/blog\/zonas-tensionadas-en-2026\/\" target=\"_blank\" rel=\"noopener\">c\u00f3mo afectan las zonas tensionadas al alquiler de tu vivienda<\/a>.<\/li>\n<li><strong>Anteproyecto de Ley de Turismo de Euskadi (febrero de 2026).<\/strong> El texto, a\u00fan en tramitaci\u00f3n, prev\u00e9 <strong>prohibir nuevas VUTs en zonas tensionadas<\/strong> y obligar a renovar la inscripci\u00f3n de las existentes cada cinco a\u00f1os. Si sale adelante en estos t\u00e9rminos, afectar\u00e1 de lleno a los propietarios vitorianos que quieran seguir operando como VUT.<\/li>\n<li><strong>Registro NRUA.<\/strong> El N\u00famero de Registro \u00danico de Arrendamiento (NRUA) es obligatorio desde julio de 2025 para anunciarse en plataformas como anunciantes online. Sin NRUA visible, la plataforma tiene obligaci\u00f3n de retirar el anuncio.<\/li>\n<li><strong>Sanciones.<\/strong> Las infracciones muy graves en materia de vivienda tur\u00edstica en Euskadi alcanzan los 600.000 \u20ac, y toda VUT debe contratar un seguro de responsabilidad civil de 35.000 \u20ac por plaza.<\/li>\n<\/ul>\n<p style=\"text-align: justify;\">El <a href=\"https:\/\/www.homyspace.com\/\" target=\"_blank\" rel=\"noopener\">alquiler temporal para empresas<\/a>, regulado por el <strong>Art. 3 de la LAU (arrendamiento de temporada, de 1 a 11 meses)<\/strong>, queda fuera del r\u00e9gimen de VUT. No requiere licencia tur\u00edstica ni inscripci\u00f3n en el Registro de Empresas y Actividades Tur\u00edsticas de Euskadi, ni seguro obligatorio de 35.000 \u20ac por plaza, y al no ser vivienda habitual no se ve afectado por el \u00edndice de precios de referencia de las zonas tensionadas.<\/p>\n<h2 style=\"text-align: justify;\">Vitoria, polo industrial con demanda corporativa estructural<\/h2>\n<p style=\"text-align: justify;\">Vitoria no es una ciudad de alquiler tur\u00edstico al uso. No es destino de playa, no tiene el peso cultural inmediato de Bilbao o San Sebasti\u00e1n y su estacionalidad tur\u00edstica est\u00e1 muy vinculada a eventos puntuales. Lo que s\u00ed tiene \u2014y pocas ciudades de su tama\u00f1o en Espa\u00f1a pueden ofrecer\u2014 es un tejido industrial que genera desplazamientos corporativos estables durante todo el a\u00f1o:<\/p>\n<ul style=\"text-align: justify;\">\n<li><strong>Mercedes-Benz Vitoria<\/strong> ha completado una ampliaci\u00f3n de planta hasta los 800.000 m\u00b2 con una inversi\u00f3n de 1.000 millones de euros. En 2026 arranca la producci\u00f3n del VLE, el primer modelo sobre la nueva arquitectura el\u00e9ctrica VAN.EA de Mercedes a nivel mundial. La f\u00e1brica mantiene cerca de 5.000 empleos directos y aporta el 4,2 % del PIB de Euskadi y el 26,1 % del PIB de \u00c1lava.<\/li>\n<li>El arranque del VLE implica la llegada de ingenieros alemanes, t\u00e9cnicos de preserie, formadores y equipos de puesta en marcha durante meses. Son desplazamientos t\u00edpicos de entre tres y dieciocho meses, el rango exacto donde encaja el arrendamiento de temporada.<\/li>\n<li>A Mercedes se suman Michelin, Aernnova y todo el cluster automoci\u00f3n y aeron\u00e1utica de \u00c1lava, con flujos continuos de equipos desplazados por obras, instalaciones e implantaciones de l\u00ednea.<\/li>\n<\/ul>\n<p style=\"text-align: justify;\">Por eso el <a href=\"https:\/\/www.homyspace.com\/alquiler\/espana\/vitoria\" target=\"_blank\" rel=\"noopener\">alquiler temporal en Vitoria<\/a> responde a una demanda B2B mucho m\u00e1s estable que la tur\u00edstica, y el equilibrio del <strong>alquiler tur\u00edstico vs temporal en Vitoria<\/strong> se inclina hacia el modelo corporativo.<\/p>\n<h2 style=\"text-align: justify;\">Diferencias clave entre alquiler tur\u00edstico vs temporal en Vitoria<\/h2>\n<p style=\"text-align: justify;\">La comparaci\u00f3n entre ambos modelos se resume as\u00ed:<\/p>\n<table style=\"width: 100%; border-collapse: collapse; margin: 20px 0;\">\n<thead>\n<tr style=\"background-color: #f8f9fa;\">\n<th style=\"border: 1px solid #ddd; padding: 12px; text-align: left;\">Criterio<\/th>\n<th style=\"border: 1px solid #ddd; padding: 12px; text-align: left;\">Alquiler tur\u00edstico (VUT)<\/th>\n<th style=\"border: 1px solid #ddd; padding: 12px; text-align: left;\">Alquiler temporal corporativo<\/th>\n<\/tr>\n<\/thead>\n<tbody>\n<tr>\n<td style=\"border: 1px solid #ddd; padding: 12px;\"><strong>Marco legal<\/strong><\/td>\n<td style=\"border: 1px solid #ddd; padding: 12px;\">Decreto 101\/2018 mod. Decreto 52\/2025<\/td>\n<td style=\"border: 1px solid #ddd; padding: 12px;\">LAU Art. 3 (arrendamiento de temporada)<\/td>\n<\/tr>\n<tr style=\"background-color: #f8f9fa;\">\n<td style=\"border: 1px solid #ddd; padding: 12px;\"><strong>Licencia y registro<\/strong><\/td>\n<td style=\"border: 1px solid #ddd; padding: 12px;\">Declaraci\u00f3n responsable + inscripci\u00f3n REAT + NRUA categor\u00eda tur\u00edstica<\/td>\n<td style=\"border: 1px solid #ddd; padding: 12px;\">Sin licencia tur\u00edstica ni REAT. NRUA categor\u00eda no tur\u00edstica si se anuncia online<\/td>\n<\/tr>\n<tr>\n<td style=\"border: 1px solid #ddd; padding: 12px;\"><strong>Duraci\u00f3n t\u00edpica<\/strong><\/td>\n<td style=\"border: 1px solid #ddd; padding: 12px;\">Noches o pocos d\u00edas<\/td>\n<td style=\"border: 1px solid #ddd; padding: 12px;\">De 15 d\u00edas a 11 meses<\/td>\n<\/tr>\n<tr style=\"background-color: #f8f9fa;\">\n<td style=\"border: 1px solid #ddd; padding: 12px;\"><strong>Inquilino<\/strong><\/td>\n<td style=\"border: 1px solid #ddd; padding: 12px;\">Turista particular<\/td>\n<td style=\"border: 1px solid #ddd; padding: 12px;\">Empresa con contrato y solvencia<\/td>\n<\/tr>\n<tr>\n<td style=\"border: 1px solid #ddd; padding: 12px;\"><strong>Estacionalidad<\/strong><\/td>\n<td style=\"border: 1px solid #ddd; padding: 12px;\">Alta (picos en eventos puntuales)<\/td>\n<td style=\"border: 1px solid #ddd; padding: 12px;\">Baja (demanda continua todo el a\u00f1o)<\/td>\n<\/tr>\n<tr style=\"background-color: #f8f9fa;\">\n<td style=\"border: 1px solid #ddd; padding: 12px;\"><strong>Zonas tensionadas<\/strong><\/td>\n<td style=\"border: 1px solid #ddd; padding: 12px;\">Afectado por el anteproyecto 2026<\/td>\n<td style=\"border: 1px solid #ddd; padding: 12px;\">Sin afectaci\u00f3n directa al modelo<\/td>\n<\/tr>\n<tr>\n<td style=\"border: 1px solid #ddd; padding: 12px;\"><strong>Seguro<\/strong><\/td>\n<td style=\"border: 1px solid #ddd; padding: 12px;\">RC 35.000 \u20ac por plaza obligatorio<\/td>\n<td style=\"border: 1px solid #ddd; padding: 12px;\">RC dom\u00e9stica est\u00e1ndar<\/td>\n<\/tr>\n<tr style=\"background-color: #f8f9fa;\">\n<td style=\"border: 1px solid #ddd; padding: 12px;\"><strong>Gesti\u00f3n diaria<\/strong><\/td>\n<td style=\"border: 1px solid #ddd; padding: 12px;\">Check-in, limpiezas, rotaci\u00f3n alta<\/td>\n<td style=\"border: 1px solid #ddd; padding: 12px;\">Un contrato, rotaci\u00f3n baja<\/td>\n<\/tr>\n<\/tbody>\n<\/table>\n<p style=\"text-align: justify;\">En el plano operativo, la diferencia se mide en rotaci\u00f3n: una VUT puede cambiar de inquilino treinta o cuarenta veces al a\u00f1o, mientras que en el modelo corporativo un mismo contrato cubre seis u ocho meses con una empresa pagadora como intermediario.<\/p>\n[\/vc_column_text][\/vc_column][\/vc_row]\n[vc_row type=\u00bbin_container\u00bb full_screen_row_position=\u00bbmiddle\u00bb column_margin=\u00bbdefault\u00bb column_direction=\u00bbdefault\u00bb column_direction_tablet=\u00bbdefault\u00bb column_direction_phone=\u00bbdefault\u00bb scene_position=\u00bbcenter\u00bb text_color=\u00bbdark\u00bb text_align=\u00bbleft\u00bb row_border_radius=\u00bbnone\u00bb row_border_radius_applies=\u00bbbg\u00bb overflow=\u00bbvisible\u00bb overlay_strength=\u00bb0.3&#8243; gradient_direction=\u00bbleft_to_right\u00bb shape_divider_position=\u00bbbottom\u00bb bg_image_animation=\u00bbnone\u00bb][vc_column column_padding=\u00bbno-extra-padding\u00bb column_padding_tablet=\u00bbinherit\u00bb column_padding_phone=\u00bbinherit\u00bb column_padding_position=\u00bball\u00bb column_element_direction_desktop=\u00bbdefault\u00bb column_element_spacing=\u00bbdefault\u00bb desktop_text_alignment=\u00bbdefault\u00bb tablet_text_alignment=\u00bbdefault\u00bb phone_text_alignment=\u00bbdefault\u00bb background_color=\u00bb#f7f7f7&#8243; background_color_opacity=\u00bb1&#8243; background_color_hover=\u00bb#2c9a9e\u00bb background_hover_color_opacity=\u00bb0.5&#8243; column_backdrop_filter=\u00bbnone\u00bb column_shadow=\u00bbnone\u00bb column_border_radius=\u00bbnone\u00bb column_link_target=\u00bb_self\u00bb column_position=\u00bbdefault\u00bb gradient_direction=\u00bbleft_to_right\u00bb overlay_strength=\u00bb0.3&#8243; width=\u00bb1\/1&#8243; tablet_width_inherit=\u00bbdefault\u00bb animation_type=\u00bbdefault\u00bb enable_animation=\u00bbtrue\u00bb animation=\u00bbfade-in-from-bottom\u00bb animation_easing=\u00bbdefault\u00bb bg_image_animation=\u00bbnone\u00bb border_type=\u00bbsimple\u00bb column_border_width=\u00bbnone\u00bb column_border_style=\u00bbsolid\u00bb column_padding_type=\u00bbdefault\u00bb gradient_type=\u00bbdefault\u00bb][vc_row_inner equal_height=\u00bbyes\u00bb content_placement=\u00bbmiddle\u00bb column_margin=\u00bbdefault\u00bb column_direction=\u00bbdefault\u00bb column_direction_tablet=\u00bbdefault\u00bb column_direction_phone=\u00bbdefault\u00bb text_align=\u00bbleft\u00bb row_position=\u00bbdefault\u00bb row_position_tablet=\u00bbinherit\u00bb row_position_phone=\u00bbinherit\u00bb overflow=\u00bbvisible\u00bb pointer_events=\u00bball\u00bb][vc_column_inner column_padding=\u00bbno-extra-padding\u00bb column_padding_tablet=\u00bbinherit\u00bb column_padding_phone=\u00bbinherit\u00bb column_padding_position=\u00bball\u00bb column_element_direction_desktop=\u00bbdefault\u00bb column_element_spacing=\u00bb5px\u00bb desktop_text_alignment=\u00bbleft\u00bb tablet_text_alignment=\u00bbdefault\u00bb phone_text_alignment=\u00bbdefault\u00bb background_color_opacity=\u00bb1&#8243; background_hover_color_opacity=\u00bb0.5&#8243; column_backdrop_filter=\u00bbnone\u00bb column_shadow=\u00bbnone\u00bb column_border_radius=\u00bbnone\u00bb column_link_target=\u00bb_self\u00bb overflow=\u00bbvisible\u00bb gradient_direction=\u00bbleft_to_right\u00bb overlay_strength=\u00bb0.3&#8243; width=\u00bb2\/3&#8243; tablet_width_inherit=\u00bbdefault\u00bb animation_type=\u00bbdefault\u00bb bg_image_animation=\u00bbnone\u00bb border_type=\u00bbsimple\u00bb column_border_width=\u00bbnone\u00bb column_border_style=\u00bbsolid\u00bb column_padding_type=\u00bbdefault\u00bb gradient_type=\u00bbdefault\u00bb][vc_column_text css=\u00bb.vc_custom_1735654200002{padding-top: 5% !important;padding-bottom: 5% !important;}\u00bb text_direction=\u00bbdefault\u00bb]\n<blockquote>\n<h3>\u00bfQuieres saber cu\u00e1nto puede rentar tu piso en Vitoria?<\/h3>\n<p>Los equipos desplazados a Mercedes, Michelin y el cluster industrial alav\u00e9s necesitan alojamiento durante meses, no noches. As\u00ed funciona el modelo en tu ciudad.<\/p><\/blockquote>\n[\/vc_column_text][\/vc_column_inner][vc_column_inner column_padding=\u00bbno-extra-padding\u00bb column_padding_tablet=\u00bbinherit\u00bb column_padding_phone=\u00bbinherit\u00bb column_padding_position=\u00bball\u00bb column_element_direction_desktop=\u00bbdefault\u00bb column_element_spacing=\u00bbdefault\u00bb desktop_text_alignment=\u00bbdefault\u00bb tablet_text_alignment=\u00bbdefault\u00bb phone_text_alignment=\u00bbdefault\u00bb background_color_opacity=\u00bb1&#8243; background_hover_color_opacity=\u00bb1&#8243; column_backdrop_filter=\u00bbnone\u00bb column_shadow=\u00bbnone\u00bb column_border_radius=\u00bbnone\u00bb column_link_target=\u00bb_self\u00bb overflow=\u00bbvisible\u00bb gradient_direction=\u00bbleft_to_right\u00bb overlay_strength=\u00bb0.3&#8243; width=\u00bb1\/3&#8243; tablet_width_inherit=\u00bbdefault\u00bb animation_type=\u00bbdefault\u00bb bg_image_animation=\u00bbnone\u00bb border_type=\u00bbsimple\u00bb column_border_width=\u00bbnone\u00bb column_border_style=\u00bbsolid\u00bb][nectar_btn size=\u00bbmedium\u00bb open_new_tab=\u00bbtrue\u00bb button_style=\u00bbsee-through-2&#8243; hover_text_color_override=\u00bb#ffffff\u00bb icon_family=\u00bbnone\u00bb text=\u00bbVer c\u00f3mo funciona \u2192\u00bb url=\u00bb\/propietario?utm_source=blog&amp;utm_medium=post&amp;utm_campaign=alquiler-turistico-vs-temporal-vitoria\u00bb css_animation=\u00bbbounce\u00bb][\/vc_column_inner][\/vc_row_inner][\/vc_column][\/vc_row]\n[vc_row type=\u00bbin_container\u00bb full_screen_row_position=\u00bbmiddle\u00bb column_margin=\u00bbdefault\u00bb column_direction=\u00bbdefault\u00bb column_direction_tablet=\u00bbdefault\u00bb column_direction_phone=\u00bbdefault\u00bb scene_position=\u00bbcenter\u00bb text_color=\u00bbdark\u00bb text_align=\u00bbleft\u00bb row_border_radius=\u00bbnone\u00bb row_border_radius_applies=\u00bbbg\u00bb overflow=\u00bbvisible\u00bb overlay_strength=\u00bb0.3&#8243; gradient_direction=\u00bbleft_to_right\u00bb shape_divider_position=\u00bbbottom\u00bb bg_image_animation=\u00bbnone\u00bb][vc_column column_padding=\u00bbno-extra-padding\u00bb column_padding_tablet=\u00bbinherit\u00bb column_padding_phone=\u00bbinherit\u00bb column_padding_position=\u00bball\u00bb column_element_direction_desktop=\u00bbdefault\u00bb column_element_spacing=\u00bbdefault\u00bb desktop_text_alignment=\u00bbdefault\u00bb tablet_text_alignment=\u00bbdefault\u00bb phone_text_alignment=\u00bbdefault\u00bb background_color_opacity=\u00bb1&#8243; background_hover_color_opacity=\u00bb1&#8243; column_backdrop_filter=\u00bbnone\u00bb column_shadow=\u00bbnone\u00bb column_border_radius=\u00bbnone\u00bb column_link_target=\u00bb_self\u00bb column_position=\u00bbdefault\u00bb gradient_direction=\u00bbleft_to_right\u00bb overlay_strength=\u00bb0.3&#8243; width=\u00bb1\/1&#8243; tablet_width_inherit=\u00bbdefault\u00bb animation_type=\u00bbdefault\u00bb bg_image_animation=\u00bbnone\u00bb border_type=\u00bbsimple\u00bb column_border_width=\u00bbnone\u00bb column_border_style=\u00bbsolid\u00bb][vc_column_text css=\u00bb\u00bb text_direction=\u00bbdefault\u00bb]\n<h2 style=\"text-align: justify;\">C\u00f3mo decidir el modelo que mejor encaja en tu piso<\/h2>\n<p style=\"text-align: justify;\">No todos los pisos encajan igual en los dos modelos. Estos son los criterios que m\u00e1s pesan al tomar la decisi\u00f3n sobre <strong>alquiler tur\u00edstico vs temporal en Vitoria<\/strong>:<\/p>\n<ul style=\"text-align: justify;\">\n<li><strong>Ubicaci\u00f3n.<\/strong> Un piso cercano a la planta de Mercedes, a los pol\u00edgonos de Gamarra, J\u00fandiz o Mi\u00f1ano, o al centro financiero encaja en el perfil corporativo. El casco hist\u00f3rico convive con una estacionalidad tur\u00edstica mucho m\u00e1s marcada y menos predecible.<\/li>\n<li><strong>Tipolog\u00eda.<\/strong> Los pisos de dos y tres dormitorios amueblados, con buena conexi\u00f3n a internet y equipamiento para teletrabajo, son los m\u00e1s solicitados por empresas.<\/li>\n<li><strong>Tolerancia al riesgo regulatorio.<\/strong> Si el anteproyecto de Ley de Turismo de Euskadi se aprueba en los t\u00e9rminos actuales, una VUT en Vitoria puede perder su encaje legal en el pr\u00f3ximo par de a\u00f1os. El modelo temporal corporativo no depende de esa normativa.<\/li>\n<li><strong>Esfuerzo operativo.<\/strong> Una VUT exige presencia, limpieza y gesti\u00f3n intensiva. El temporal funciona con un \u00fanico contrato y bastantes menos puntos de fricci\u00f3n.<\/li>\n<\/ul>\n<h3 style=\"text-align: justify;\">Datos de Homyspace en Vitoria<\/h3>\n<ul style=\"text-align: justify;\">\n<li>En el \u00faltimo a\u00f1o Homyspace ha gestionado <strong>800 solicitudes<\/strong> de alojamiento por trabajo en la ciudad.<\/li>\n<li>La duraci\u00f3n media de las estancias en Vitoria es de <strong>60 d\u00edas<\/strong>, plenamente dentro del rango LAU de temporada.<\/li>\n<li>Las empresas reservan con una antelaci\u00f3n media de <strong>12 d\u00edas<\/strong>, suficiente para que un propietario pueda planificar la entrada con tiempo razonable.<\/li>\n<li>La mayor\u00eda de las solicitudes proceden del <strong>sector construcci\u00f3n<\/strong>, en l\u00ednea con las obras y proyectos industriales activos en la zona.<\/li>\n<li>Hay <strong>escasez de producto<\/strong> en Vitoria: si publicas tu piso, las probabilidades de alquilarlo son muy altas.<\/li>\n<\/ul>\n[\/vc_column_text][\/vc_column][\/vc_row]\n[vc_row type=\u00bbin_container\u00bb full_screen_row_position=\u00bbmiddle\u00bb column_margin=\u00bbdefault\u00bb column_direction=\u00bbdefault\u00bb column_direction_tablet=\u00bbdefault\u00bb column_direction_phone=\u00bbdefault\u00bb scene_position=\u00bbcenter\u00bb text_color=\u00bbdark\u00bb text_align=\u00bbleft\u00bb row_border_radius=\u00bbnone\u00bb row_border_radius_applies=\u00bbbg\u00bb overflow=\u00bbvisible\u00bb overlay_strength=\u00bb0.3&#8243; gradient_direction=\u00bbleft_to_right\u00bb shape_divider_position=\u00bbbottom\u00bb bg_image_animation=\u00bbnone\u00bb][vc_column column_padding=\u00bbno-extra-padding\u00bb column_padding_tablet=\u00bbinherit\u00bb column_padding_phone=\u00bbinherit\u00bb column_padding_position=\u00bball\u00bb column_element_direction_desktop=\u00bbdefault\u00bb column_element_spacing=\u00bbdefault\u00bb desktop_text_alignment=\u00bbdefault\u00bb tablet_text_alignment=\u00bbdefault\u00bb phone_text_alignment=\u00bbdefault\u00bb background_color=\u00bb#f7f7f7&#8243; background_color_opacity=\u00bb1&#8243; background_color_hover=\u00bb#2c9a9e\u00bb background_hover_color_opacity=\u00bb0.5&#8243; column_backdrop_filter=\u00bbnone\u00bb column_shadow=\u00bbnone\u00bb column_border_radius=\u00bbnone\u00bb column_link_target=\u00bb_self\u00bb column_position=\u00bbdefault\u00bb gradient_direction=\u00bbleft_to_right\u00bb overlay_strength=\u00bb0.3&#8243; width=\u00bb1\/1&#8243; tablet_width_inherit=\u00bbdefault\u00bb animation_type=\u00bbdefault\u00bb enable_animation=\u00bbtrue\u00bb animation=\u00bbfade-in-from-bottom\u00bb animation_easing=\u00bbdefault\u00bb bg_image_animation=\u00bbnone\u00bb border_type=\u00bbsimple\u00bb column_border_width=\u00bbnone\u00bb column_border_style=\u00bbsolid\u00bb column_padding_type=\u00bbdefault\u00bb gradient_type=\u00bbdefault\u00bb][vc_row_inner equal_height=\u00bbyes\u00bb content_placement=\u00bbmiddle\u00bb column_margin=\u00bbdefault\u00bb column_direction=\u00bbdefault\u00bb column_direction_tablet=\u00bbdefault\u00bb column_direction_phone=\u00bbdefault\u00bb text_align=\u00bbleft\u00bb row_position=\u00bbdefault\u00bb row_position_tablet=\u00bbinherit\u00bb row_position_phone=\u00bbinherit\u00bb overflow=\u00bbvisible\u00bb pointer_events=\u00bball\u00bb][vc_column_inner column_padding=\u00bbno-extra-padding\u00bb column_padding_tablet=\u00bbinherit\u00bb column_padding_phone=\u00bbinherit\u00bb column_padding_position=\u00bball\u00bb column_element_direction_desktop=\u00bbdefault\u00bb column_element_spacing=\u00bb5px\u00bb desktop_text_alignment=\u00bbleft\u00bb tablet_text_alignment=\u00bbdefault\u00bb phone_text_alignment=\u00bbdefault\u00bb background_color_opacity=\u00bb1&#8243; background_hover_color_opacity=\u00bb0.5&#8243; column_backdrop_filter=\u00bbnone\u00bb column_shadow=\u00bbnone\u00bb column_border_radius=\u00bbnone\u00bb column_link_target=\u00bb_self\u00bb overflow=\u00bbvisible\u00bb gradient_direction=\u00bbleft_to_right\u00bb overlay_strength=\u00bb0.3&#8243; width=\u00bb2\/3&#8243; tablet_width_inherit=\u00bbdefault\u00bb animation_type=\u00bbdefault\u00bb bg_image_animation=\u00bbnone\u00bb border_type=\u00bbsimple\u00bb column_border_width=\u00bbnone\u00bb column_border_style=\u00bbsolid\u00bb column_padding_type=\u00bbdefault\u00bb gradient_type=\u00bbdefault\u00bb][vc_column_text css=\u00bb.vc_custom_1735654200003{padding-top: 5% !important;padding-bottom: 5% !important;}\u00bb text_direction=\u00bbdefault\u00bb]\n<blockquote>\n<h3>Publica tu piso en Vitoria<\/h3>\n<p>Sin licencia tur\u00edstica ni inscripci\u00f3n REAT. Un \u00fanico contrato por estancia con empresas como inquilino.<\/p><\/blockquote>\n[\/vc_column_text][\/vc_column_inner][vc_column_inner column_padding=\u00bbno-extra-padding\u00bb column_padding_tablet=\u00bbinherit\u00bb column_padding_phone=\u00bbinherit\u00bb column_padding_position=\u00bball\u00bb column_element_direction_desktop=\u00bbdefault\u00bb column_element_spacing=\u00bbdefault\u00bb desktop_text_alignment=\u00bbdefault\u00bb tablet_text_alignment=\u00bbdefault\u00bb phone_text_alignment=\u00bbdefault\u00bb background_color_opacity=\u00bb1&#8243; background_hover_color_opacity=\u00bb1&#8243; column_backdrop_filter=\u00bbnone\u00bb column_shadow=\u00bbnone\u00bb column_border_radius=\u00bbnone\u00bb column_link_target=\u00bb_self\u00bb overflow=\u00bbvisible\u00bb gradient_direction=\u00bbleft_to_right\u00bb overlay_strength=\u00bb0.3&#8243; width=\u00bb1\/3&#8243; tablet_width_inherit=\u00bbdefault\u00bb animation_type=\u00bbdefault\u00bb bg_image_animation=\u00bbnone\u00bb border_type=\u00bbsimple\u00bb column_border_width=\u00bbnone\u00bb column_border_style=\u00bbsolid\u00bb][nectar_btn size=\u00bbmedium\u00bb open_new_tab=\u00bbtrue\u00bb button_style=\u00bbsee-through-2&#8243; hover_text_color_override=\u00bb#ffffff\u00bb icon_family=\u00bbnone\u00bb text=\u00bbPublicar inmueble \u2192\u00bb url=\u00bb\/providers\/signup?utm_source=blog&amp;utm_medium=post&amp;utm_campaign=alquiler-turistico-vs-temporal-vitoria\u00bb css_animation=\u00bbbounce\u00bb][\/vc_column_inner][\/vc_row_inner][\/vc_column][\/vc_row]\n[vc_row type=\u00bbin_container\u00bb full_screen_row_position=\u00bbmiddle\u00bb column_margin=\u00bbdefault\u00bb column_direction=\u00bbdefault\u00bb column_direction_tablet=\u00bbdefault\u00bb column_direction_phone=\u00bbdefault\u00bb scene_position=\u00bbcenter\u00bb text_color=\u00bbdark\u00bb text_align=\u00bbleft\u00bb row_border_radius=\u00bbnone\u00bb row_border_radius_applies=\u00bbbg\u00bb overflow=\u00bbvisible\u00bb overlay_strength=\u00bb0.3&#8243; gradient_direction=\u00bbleft_to_right\u00bb shape_divider_position=\u00bbbottom\u00bb bg_image_animation=\u00bbnone\u00bb][vc_column column_padding=\u00bbno-extra-padding\u00bb column_padding_tablet=\u00bbinherit\u00bb column_padding_phone=\u00bbinherit\u00bb column_padding_position=\u00bball\u00bb column_element_direction_desktop=\u00bbdefault\u00bb column_element_spacing=\u00bbdefault\u00bb desktop_text_alignment=\u00bbdefault\u00bb tablet_text_alignment=\u00bbdefault\u00bb phone_text_alignment=\u00bbdefault\u00bb background_color_opacity=\u00bb1&#8243; background_hover_color_opacity=\u00bb1&#8243; column_backdrop_filter=\u00bbnone\u00bb column_shadow=\u00bbnone\u00bb column_border_radius=\u00bbnone\u00bb column_link_target=\u00bb_self\u00bb column_position=\u00bbdefault\u00bb gradient_direction=\u00bbleft_to_right\u00bb overlay_strength=\u00bb0.3&#8243; width=\u00bb1\/1&#8243; tablet_width_inherit=\u00bbdefault\u00bb animation_type=\u00bbdefault\u00bb bg_image_animation=\u00bbnone\u00bb border_type=\u00bbsimple\u00bb column_border_width=\u00bbnone\u00bb column_border_style=\u00bbsolid\u00bb][vc_column_text css=\u00bb\u00bb text_direction=\u00bbdefault\u00bb]\n<p style=\"text-align: justify;\">El debate del <strong>alquiler tur\u00edstico vs temporal en Vitoria<\/strong> ya no se resuelve con una calculadora de rentabilidad por noche. Se resuelve cruzando tres variables: qu\u00e9 normativa seguir\u00e1 vigente dentro de dos a\u00f1os, qu\u00e9 demanda real existe a tu alrededor y cu\u00e1nta gesti\u00f3n est\u00e1s dispuesto a asumir cada semana. En una ciudad con Mercedes arrancando el VLE, con Michelin y el cluster aeron\u00e1utico activando desplazamientos constantes, y con un marco regulatorio que endurece las VUTs, el equilibrio se mueve cada vez m\u00e1s hacia el modelo corporativo.<\/p>\n[\/vc_column_text][\/vc_column][\/vc_row]\n[vc_row type=\u00bbin_container\u00bb full_screen_row_position=\u00bbmiddle\u00bb column_margin=\u00bbdefault\u00bb column_direction=\u00bbdefault\u00bb column_direction_tablet=\u00bbdefault\u00bb column_direction_phone=\u00bbdefault\u00bb scene_position=\u00bbcenter\u00bb text_color=\u00bbdark\u00bb text_align=\u00bbleft\u00bb row_border_radius=\u00bbnone\u00bb row_border_radius_applies=\u00bbbg\u00bb overflow=\u00bbvisible\u00bb overlay_strength=\u00bb0.3&#8243; gradient_direction=\u00bbleft_to_right\u00bb shape_divider_position=\u00bbbottom\u00bb bg_image_animation=\u00bbnone\u00bb][vc_column column_padding=\u00bbno-extra-padding\u00bb column_padding_tablet=\u00bbinherit\u00bb column_padding_phone=\u00bbinherit\u00bb column_padding_position=\u00bball\u00bb column_element_direction_desktop=\u00bbdefault\u00bb column_element_spacing=\u00bbdefault\u00bb desktop_text_alignment=\u00bbdefault\u00bb tablet_text_alignment=\u00bbdefault\u00bb phone_text_alignment=\u00bbdefault\u00bb background_color_opacity=\u00bb1&#8243; background_hover_color_opacity=\u00bb1&#8243; column_backdrop_filter=\u00bbnone\u00bb column_shadow=\u00bbnone\u00bb column_border_radius=\u00bbnone\u00bb column_link_target=\u00bb_self\u00bb column_position=\u00bbdefault\u00bb gradient_direction=\u00bbleft_to_right\u00bb overlay_strength=\u00bb0.3&#8243; width=\u00bb1\/1&#8243; tablet_width_inherit=\u00bbdefault\u00bb animation_type=\u00bbdefault\u00bb bg_image_animation=\u00bbnone\u00bb border_type=\u00bbsimple\u00bb column_border_width=\u00bbnone\u00bb column_border_style=\u00bbsolid\u00bb][vc_row_inner column_margin=\u00bbdefault\u00bb column_direction=\u00bbdefault\u00bb column_direction_tablet=\u00bbdefault\u00bb column_direction_phone=\u00bbdefault\u00bb text_align=\u00bbleft\u00bb row_position=\u00bbdefault\u00bb row_position_tablet=\u00bbinherit\u00bb row_position_phone=\u00bbinherit\u00bb overflow=\u00bbvisible\u00bb pointer_events=\u00bball\u00bb css=\u00bb.vc_custom_1735654200004{background-color: #ffffff !important;}\u00bb][vc_column_inner column_padding=\u00bbno-extra-padding\u00bb column_padding_tablet=\u00bbinherit\u00bb column_padding_phone=\u00bbinherit\u00bb column_padding_position=\u00bball\u00bb column_element_direction_desktop=\u00bbdefault\u00bb column_element_spacing=\u00bbdefault\u00bb desktop_text_alignment=\u00bbdefault\u00bb tablet_text_alignment=\u00bbdefault\u00bb phone_text_alignment=\u00bbdefault\u00bb background_color_opacity=\u00bb1&#8243; background_hover_color_opacity=\u00bb1&#8243; column_backdrop_filter=\u00bbnone\u00bb column_shadow=\u00bbnone\u00bb column_border_radius=\u00bbnone\u00bb column_link_target=\u00bb_self\u00bb overflow=\u00bbvisible\u00bb gradient_direction=\u00bbleft_to_right\u00bb overlay_strength=\u00bb0.3&#8243; width=\u00bb1\/1&#8243; tablet_width_inherit=\u00bbdefault\u00bb animation_type=\u00bbdefault\u00bb bg_image_animation=\u00bbnone\u00bb border_type=\u00bbsimple\u00bb column_border_width=\u00bbnone\u00bb column_border_style=\u00bbsolid\u00bb][vc_column_text css=\u00bb\u00bb text_direction=\u00bbdefault\u00bb]\n<h2>FAQ&#8217;s<\/h2>\n[\/vc_column_text][\/vc_column_inner][\/vc_row_inner][toggles style=\u00bbminimal\u00bb accordion=\u00bbtrue\u00bb accordion_starting_functionality=\u00bbdefault\u00bb][toggle color=\u00bbAccent-Color\u00bb heading_tag=\u00bbdefault\u00bb heading_tag_functionality=\u00bbdefault\u00bb title=\u00bb\u00bfPuedo seguir alquilando mi piso como tur\u00edstico en Vitoria tras la declaraci\u00f3n de zona tensionada?\u00bb][vc_column_text css=\u00bb\u00bb text_direction=\u00bbdefault\u00bb]\n<p style=\"text-align: justify;\">De momento s\u00ed, siempre que cuentes con declaraci\u00f3n responsable, inscripci\u00f3n en el Registro de Empresas y Actividades Tur\u00edsticas de Euskadi, NRUA y seguro de RC obligatorio. Pero el anteproyecto de Ley de Turismo de Euskadi (febrero de 2026) contempla prohibir nuevas VUTs en zonas tensionadas y obligar a renovar la inscripci\u00f3n cada cinco a\u00f1os. Si se aprueba en esos t\u00e9rminos, los propietarios de Vitoria que dependan del modelo tur\u00edstico ver\u00e1n c\u00f3mo su actividad queda restringida.<\/p>\n[\/vc_column_text][\/toggle][toggle color=\u00bbAccent-Color\u00bb heading_tag=\u00bbdefault\u00bb heading_tag_functionality=\u00bbdefault\u00bb title=\u00bb\u00bfQu\u00e9 rentabilidad puede esperar un propietario del alquiler tur\u00edstico vs temporal en Vitoria?\u00bb][vc_column_text css=\u00bb\u00bb text_direction=\u00bbdefault\u00bb]\n<p style=\"text-align: justify;\">El tur\u00edstico tiene precio por noche m\u00e1s alto pero una estacionalidad marcada (Vitoria no es destino vacacional continuo) y costes operativos elevados: limpiezas, rotaci\u00f3n, gesti\u00f3n de reservas, seguro obligatorio por plaza. El temporal corporativo cobra una mensualidad cerrada, mantiene al mismo inquilino durante meses y reduce al m\u00ednimo la gesti\u00f3n diaria. En ciudades con demanda B2B estructural como Vitoria, el neto anual del modelo corporativo suele ser m\u00e1s predecible.<\/p>\n[\/vc_column_text][\/toggle][toggle color=\u00bbAccent-Color\u00bb heading_tag=\u00bbdefault\u00bb heading_tag_functionality=\u00bbdefault\u00bb title=\u00bb\u00bfNecesito licencia tur\u00edstica o registro especial para hacer alquiler temporal corporativo en Vitoria?\u00bb][vc_column_text css=\u00bb\u00bb text_direction=\u00bbdefault\u00bb]\n<p style=\"text-align: justify;\">No necesitas licencia tur\u00edstica ni inscripci\u00f3n en el Registro de Empresas y Actividades Tur\u00edsticas de Euskadi (REAT). El arrendamiento de temporada (Art. 3 de la LAU, de 1 a 11 meses) no es actividad tur\u00edstica y queda fuera del r\u00e9gimen VUT. Lo que s\u00ed necesitas, igual que cualquier alquiler de corta duraci\u00f3n anunciado en plataformas digitales, es el NRUA, pero en categor\u00eda \u00abno tur\u00edstica\u00bb, con un tr\u00e1mite mucho m\u00e1s sencillo. Las obligaciones fiscales (IRPF como rendimiento del capital inmobiliario) s\u00ed aplican, y conviene revisar con tu asesor si procede el IVA seg\u00fan el tipo de servicios incluidos.<\/p>\n[\/vc_column_text][\/toggle][toggle color=\u00bbAccent-Color\u00bb heading_tag=\u00bbdefault\u00bb heading_tag_functionality=\u00bbdefault\u00bb title=\u00bb\u00bfCu\u00e1ndo tiene m\u00e1s sentido el alquiler tur\u00edstico vs temporal en Vitoria?\u00bb][vc_column_text css=\u00bb\u00bb text_direction=\u00bbdefault\u00bb]\n<p style=\"text-align: justify;\">El tur\u00edstico puede tener sentido si tu piso est\u00e1 en el casco hist\u00f3rico y solo puedes dedicarle semanas sueltas al a\u00f1o, asumiendo el riesgo del anteproyecto de Ley de Turismo. El temporal encaja mejor si tu piso est\u00e1 cerca de los polos industriales (Mercedes, Gamarra, J\u00fandiz, Mi\u00f1ano), es de 2-3 dormitorios, y quieres un flujo de ingresos predecible con gesti\u00f3n m\u00ednima y cero exposici\u00f3n al riesgo regulatorio de las VUTs.<\/p>\n[\/vc_column_text][\/toggle][\/toggles][\/vc_column][\/vc_row]\n<p><script type=\"application\/ld+json\">\n{\n  \"@context\": \"https:\/\/schema.org\",\n  \"@type\": \"FAQPage\",\n  \"mainEntity\": [\n    {\n      \"@type\": \"Question\",\n      \"name\": \"\u00bfPuedo seguir alquilando mi piso como tur\u00edstico en Vitoria tras la declaraci\u00f3n de zona tensionada?\",\n      \"acceptedAnswer\": {\n        \"@type\": \"Answer\",\n        \"text\": \"De momento s\u00ed, siempre que cuentes con declaraci\u00f3n responsable, inscripci\u00f3n en el Registro de Empresas y Actividades Tur\u00edsticas de Euskadi, NRUA y seguro de RC obligatorio. Pero el anteproyecto de Ley de Turismo de Euskadi (febrero de 2026) contempla prohibir nuevas VUTs en zonas tensionadas y obligar a renovar la inscripci\u00f3n cada cinco a\u00f1os. Si se aprueba en esos t\u00e9rminos, los propietarios de Vitoria que dependan del modelo tur\u00edstico ver\u00e1n c\u00f3mo su actividad queda restringida.\"\n      }\n    },\n    {\n      \"@type\": \"Question\",\n      \"name\": \"\u00bfQu\u00e9 rentabilidad puede esperar un propietario del alquiler tur\u00edstico vs temporal en Vitoria?\",\n      \"acceptedAnswer\": {\n        \"@type\": \"Answer\", \n        \"text\": \"El tur\u00edstico tiene precio por noche m\u00e1s alto pero una estacionalidad marcada (Vitoria no es destino vacacional continuo) y costes operativos elevados: limpiezas, rotaci\u00f3n, gesti\u00f3n de reservas, seguro obligatorio por plaza. El temporal corporativo cobra una mensualidad cerrada, mantiene al mismo inquilino durante meses y reduce al m\u00ednimo la gesti\u00f3n diaria. En ciudades con demanda B2B estructural como Vitoria, el neto anual del modelo corporativo suele ser m\u00e1s predecible.\"\n      }\n    },\n    {\n      \"@type\": \"Question\",\n      \"name\": \"\u00bfNecesito licencia tur\u00edstica o registro especial para hacer alquiler temporal corporativo en Vitoria?\",\n      \"acceptedAnswer\": {\n        \"@type\": \"Answer\",\n        \"text\": \"No necesitas licencia tur\u00edstica ni inscripci\u00f3n en el Registro de Empresas y Actividades Tur\u00edsticas de Euskadi (REAT). El arrendamiento de temporada (Art. 3 de la LAU, de 1 a 11 meses) no es actividad tur\u00edstica y queda fuera del r\u00e9gimen VUT. Lo que s\u00ed necesitas, igual que cualquier alquiler de corta duraci\u00f3n anunciado en plataformas digitales, es el NRUA, pero en categor\u00eda no tur\u00edstica, con un tr\u00e1mite mucho m\u00e1s sencillo. Las obligaciones fiscales (IRPF como rendimiento del capital inmobiliario) s\u00ed aplican, y conviene revisar con tu asesor si procede el IVA seg\u00fan el tipo de servicios incluidos.\"\n      }\n    },\n    {\n      \"@type\": \"Question\",\n      \"name\": \"\u00bfCu\u00e1ndo tiene m\u00e1s sentido el alquiler tur\u00edstico vs temporal en Vitoria?\",\n      \"acceptedAnswer\": {\n        \"@type\": \"Answer\",\n        \"text\": \"El tur\u00edstico puede tener sentido si tu piso est\u00e1 en el casco hist\u00f3rico y solo puedes dedicarle semanas sueltas al a\u00f1o, asumiendo el riesgo del anteproyecto de Ley de Turismo. El temporal encaja mejor si tu piso est\u00e1 cerca de los polos industriales (Mercedes, Gamarra, J\u00fandiz, Mi\u00f1ano), es de 2-3 dormitorios, y quieres un flujo de ingresos predecible con gesti\u00f3n m\u00ednima y cero exposici\u00f3n al riesgo regulatorio de las VUTs.\"\n      }\n    }\n  ]\n}\n<\/script><\/p>\n","protected":false},"excerpt":{"rendered":"<p>[vc_row type=\u00bbin_container\u00bb full_screen_row_position=\u00bbmiddle\u00bb column_margin=\u00bbdefault\u00bb column_direction=\u00bbdefault\u00bb column_direction_tablet=\u00bbdefault\u00bb column_direction_phone=\u00bbdefault\u00bb scene_position=\u00bbcenter\u00bb text_color=\u00bbdark\u00bb text_align=\u00bbleft\u00bb row_border_radius=\u00bbnone\u00bb row_border_radius_applies=\u00bbbg\u00bb overflow=\u00bbvisible\u00bb overlay_strength=\u00bb0.3&#8243; gradient_direction=\u00bbleft_to_right\u00bb shape_divider_position=\u00bbbottom\u00bb bg_image_animation=\u00bbnone\u00bb][vc_column column_padding=\u00bbno-extra-padding\u00bb column_padding_tablet=\u00bbinherit\u00bb column_padding_phone=\u00bbinherit\u00bb&#8230;<\/p>\n","protected":false},"author":1,"featured_media":7023234,"comment_status":"closed","ping_status":"open","sticky":false,"template":"","format":"standard","meta":{"footnotes":""},"categories":[3],"tags":[],"class_list":{"0":"post-7023233","1":"post","2":"type-post","3":"status-publish","4":"format-standard","5":"has-post-thumbnail","7":"category-propietarios"},"_links":{"self":[{"href":"https:\/\/www.homyspace.com\/blog\/wp-json\/wp\/v2\/posts\/7023233","targetHints":{"allow":["GET"]}}],"collection":[{"href":"https:\/\/www.homyspace.com\/blog\/wp-json\/wp\/v2\/posts"}],"about":[{"href":"https:\/\/www.homyspace.com\/blog\/wp-json\/wp\/v2\/types\/post"}],"author":[{"embeddable":true,"href":"https:\/\/www.homyspace.com\/blog\/wp-json\/wp\/v2\/users\/1"}],"replies":[{"embeddable":true,"href":"https:\/\/www.homyspace.com\/blog\/wp-json\/wp\/v2\/comments?post=7023233"}],"version-history":[{"count":3,"href":"https:\/\/www.homyspace.com\/blog\/wp-json\/wp\/v2\/posts\/7023233\/revisions"}],"predecessor-version":[{"id":7023237,"href":"https:\/\/www.homyspace.com\/blog\/wp-json\/wp\/v2\/posts\/7023233\/revisions\/7023237"}],"wp:featuredmedia":[{"embeddable":true,"href":"https:\/\/www.homyspace.com\/blog\/wp-json\/wp\/v2\/media\/7023234"}],"wp:attachment":[{"href":"https:\/\/www.homyspace.com\/blog\/wp-json\/wp\/v2\/media?parent=7023233"}],"wp:term":[{"taxonomy":"category","embeddable":true,"href":"https:\/\/www.homyspace.com\/blog\/wp-json\/wp\/v2\/categories?post=7023233"},{"taxonomy":"post_tag","embeddable":true,"href":"https:\/\/www.homyspace.com\/blog\/wp-json\/wp\/v2\/tags?post=7023233"}],"curies":[{"name":"wp","href":"https:\/\/api.w.org\/{rel}","templated":true}]}}